{"id":6729,"date":"2025-05-12T17:49:51","date_gmt":"2025-05-12T15:49:51","guid":{"rendered":"https:\/\/www.syamhope.com\/?p=6729"},"modified":"2025-05-12T19:52:43","modified_gmt":"2025-05-12T17:52:43","slug":"gioca-sogna-torna-bambino-noche-en-blanco-2025","status":"publish","type":"post","link":"https:\/\/www.syamhope.com\/it\/a\/gioca-sogna-torna-bambino-noche-en-blanco-2025\/","title":{"rendered":"GIOCA, SOGNA E TORNA BAMBINO, CON ARTE SOCIALE E RAFAEL P\u00c9REZ ESTRADA"},"content":{"rendered":"\n<figure class=\"wp-block-gallery has-nested-images columns-default is-cropped wp-block-gallery-1 is-layout-flex wp-block-gallery-is-layout-flex\">\n<figure class=\"wp-block-image size-large\"><img loading=\"lazy\" decoding=\"async\" width=\"1024\" height=\"576\" data-id=\"6731\" src=\"https:\/\/www.syamhope.com\/wp-content\/uploads\/2025\/05\/noche-balnco-malaga-2025-rafael-perez-estrada-sofia-candeo-art-syamhope-social-art-1024x576.webp\" alt=\"Arte Urbano in Diretto, la artista Sofia Candeo interagisce con il pubblico, e crea un libro d'artista con i bambini\" class=\"wp-image-6731\" srcset=\"https:\/\/www.syamhope.com\/wp-content\/uploads\/2025\/05\/noche-balnco-malaga-2025-rafael-perez-estrada-sofia-candeo-art-syamhope-social-art-1024x576.webp 1024w, https:\/\/www.syamhope.com\/wp-content\/uploads\/2025\/05\/noche-balnco-malaga-2025-rafael-perez-estrada-sofia-candeo-art-syamhope-social-art-300x169.webp 300w, https:\/\/www.syamhope.com\/wp-content\/uploads\/2025\/05\/noche-balnco-malaga-2025-rafael-perez-estrada-sofia-candeo-art-syamhope-social-art-768x432.webp 768w, https:\/\/www.syamhope.com\/wp-content\/uploads\/2025\/05\/noche-balnco-malaga-2025-rafael-perez-estrada-sofia-candeo-art-syamhope-social-art-1536x864.webp 1536w, https:\/\/www.syamhope.com\/wp-content\/uploads\/2025\/05\/noche-balnco-malaga-2025-rafael-perez-estrada-sofia-candeo-art-syamhope-social-art-2048x1152.webp 2048w, https:\/\/www.syamhope.com\/wp-content\/uploads\/2025\/05\/noche-balnco-malaga-2025-rafael-perez-estrada-sofia-candeo-art-syamhope-social-art-18x10.webp 18w, https:\/\/www.syamhope.com\/wp-content\/uploads\/2025\/05\/noche-balnco-malaga-2025-rafael-perez-estrada-sofia-candeo-art-syamhope-social-art-600x338.webp 600w\" sizes=\"(max-width: 1024px) 100vw, 1024px\" \/><\/figure>\n<\/figure>\n\n\n\n<p class=\"has-text-align-center\">Sabato 10 Maggio 2025 \u00e8 stata una grandissima giornata per l&#8217;arte e la cultura di Malaga e proprio qui inizia l&#8217;avventura del Live Art! Intanto preparati a tornare bambino!<\/p>\n\n\n\n<h1 class=\"wp-block-heading has-text-align-center\">LA NOCHE EN BLANCO MALAGA 2025<\/h1>\n\n\n\n<p class=\"has-text-align-center\"><strong>Cos&#8217;\u00e8 la famosa Notte in Bianco o Notte Bianca? <\/strong>Si tratta di un evento che riunisce moltissimi promotori dell&#8217;arte e della cultura con artisti, poeti, cantanti, e diverse attivit\u00e0 aperte al pubblico, arte urbano e concerti durante tutta una giornata per concludersi con un exploit la notte stessa. Hai presente quando dici che &#8220;passi una notte in bianco&#8221;? Ecco il concetto nasce proprio da quell&#8217;idea, con un gioco di parole che fa riferimento a un&#8217;immagine della citt\u00e0 viva, attiva e piena di energia da festeggiare la notte intera e divertirsi proprio grazie all&#8217;arte! <\/p>\n\n\n\n<p class=\"has-text-align-center\"><span style=\"color: var(--ast-global-color-0);\" class=\"stk-highlight\">Ps. Una chicca a livello storico, \u00e8 che la prima &#8220;Notte in Bianco&#8221; venne proposta a <strong>Parigi <\/strong>nel 2002, per aprire musei, centri culturali e spazi pubblici fuori dagli orari di lavoro in modo che le persone potessero godersi l&#8217;arte.<\/span><\/p>\n\n\n\n<p class=\"has-text-align-center\">Ogni Notte in Bianco, viene scelta una tematica che caratterizza il festival, quest&#8217;anno \u00e8 stato scelto l&#8217;artista <strong>Rafael P\u00e9rez Estrada<\/strong>, scrittore e poeta malaghegno conosciuto per il suo stile immaginativo e originale, che combina poesia, narrativa breve ed elementi visivi come il disegno. Nel corso della sua carriera ha pubblicato numerosi libri ed \u00e8 diventato una figura chiave della letteratura spagnola contemporanea, soprattutto nel campo della poesia sperimentale.<\/p>\n\n\n<div class=\"kb-row-layout-wrap kb-row-layout-id6729_f09d35-51 alignnone wp-block-kadence-rowlayout\"><div class=\"kt-row-column-wrap kt-has-2-columns kt-row-layout-right-golden kt-tab-layout-inherit kt-mobile-layout-row kt-row-valign-middle\">\n\n<div class=\"wp-block-kadence-column kadence-column6729_5e2a13-8d\"><div class=\"kt-inside-inner-col\">\n<figure class=\"wp-block-image size-full\"><img loading=\"lazy\" decoding=\"async\" width=\"1447\" height=\"2048\" src=\"https:\/\/www.syamhope.com\/wp-content\/uploads\/2025\/05\/Noche-en-Blanco-Malaga-2025-artistas-participantes-pintura-en-directo.webp\" alt=\"Cartel de La Noche en Blanco de M\u00e0alaga 2025 a tema Rafael P\u00e9rez Estrada con Live Art y Arte Urbano en Directo\" class=\"wp-image-6721\" srcset=\"https:\/\/www.syamhope.com\/wp-content\/uploads\/2025\/05\/Noche-en-Blanco-Malaga-2025-artistas-participantes-pintura-en-directo.webp 1447w, https:\/\/www.syamhope.com\/wp-content\/uploads\/2025\/05\/Noche-en-Blanco-Malaga-2025-artistas-participantes-pintura-en-directo-212x300.webp 212w, https:\/\/www.syamhope.com\/wp-content\/uploads\/2025\/05\/Noche-en-Blanco-Malaga-2025-artistas-participantes-pintura-en-directo-724x1024.webp 724w, https:\/\/www.syamhope.com\/wp-content\/uploads\/2025\/05\/Noche-en-Blanco-Malaga-2025-artistas-participantes-pintura-en-directo-768x1087.webp 768w, https:\/\/www.syamhope.com\/wp-content\/uploads\/2025\/05\/Noche-en-Blanco-Malaga-2025-artistas-participantes-pintura-en-directo-1085x1536.webp 1085w, https:\/\/www.syamhope.com\/wp-content\/uploads\/2025\/05\/Noche-en-Blanco-Malaga-2025-artistas-participantes-pintura-en-directo-8x12.webp 8w, https:\/\/www.syamhope.com\/wp-content\/uploads\/2025\/05\/Noche-en-Blanco-Malaga-2025-artistas-participantes-pintura-en-directo-600x849.webp 600w\" sizes=\"(max-width: 1447px) 100vw, 1447px\" \/><\/figure>\n<\/div><\/div>\n\n\n\n<div class=\"wp-block-kadence-column kadence-column6729_ae728c-76\"><div class=\"kt-inside-inner-col\">\n<figure class=\"wp-block-image size-full\"><img loading=\"lazy\" decoding=\"async\" width=\"2163\" height=\"1217\" src=\"https:\/\/www.syamhope.com\/wp-content\/uploads\/2025\/05\/noche-balnco-malaga-2025-rafael-perez-estrada-sofia-candeo-art-syamhope-social-art-detalle-manos.webp\" alt=\"dettalle de la Noche en Blanco de M\u00e1laga con el p\u00fablico y la pintora Sof\u00eda Candeo de Art Syamhope durante el actuaci\u00f3n de Arte Urbano\" class=\"wp-image-6732\" srcset=\"https:\/\/www.syamhope.com\/wp-content\/uploads\/2025\/05\/noche-balnco-malaga-2025-rafael-perez-estrada-sofia-candeo-art-syamhope-social-art-detalle-manos.webp 2163w, https:\/\/www.syamhope.com\/wp-content\/uploads\/2025\/05\/noche-balnco-malaga-2025-rafael-perez-estrada-sofia-candeo-art-syamhope-social-art-detalle-manos-300x169.webp 300w, https:\/\/www.syamhope.com\/wp-content\/uploads\/2025\/05\/noche-balnco-malaga-2025-rafael-perez-estrada-sofia-candeo-art-syamhope-social-art-detalle-manos-1024x576.webp 1024w, https:\/\/www.syamhope.com\/wp-content\/uploads\/2025\/05\/noche-balnco-malaga-2025-rafael-perez-estrada-sofia-candeo-art-syamhope-social-art-detalle-manos-768x432.webp 768w, https:\/\/www.syamhope.com\/wp-content\/uploads\/2025\/05\/noche-balnco-malaga-2025-rafael-perez-estrada-sofia-candeo-art-syamhope-social-art-detalle-manos-1536x864.webp 1536w, https:\/\/www.syamhope.com\/wp-content\/uploads\/2025\/05\/noche-balnco-malaga-2025-rafael-perez-estrada-sofia-candeo-art-syamhope-social-art-detalle-manos-2048x1152.webp 2048w, https:\/\/www.syamhope.com\/wp-content\/uploads\/2025\/05\/noche-balnco-malaga-2025-rafael-perez-estrada-sofia-candeo-art-syamhope-social-art-detalle-manos-18x10.webp 18w, https:\/\/www.syamhope.com\/wp-content\/uploads\/2025\/05\/noche-balnco-malaga-2025-rafael-perez-estrada-sofia-candeo-art-syamhope-social-art-detalle-manos-600x338.webp 600w\" sizes=\"(max-width: 2163px) 100vw, 2163px\" \/><\/figure>\n<\/div><\/div>\n\n<\/div><\/div>\n\n\n<p class=\"has-text-align-center\">Per la performance di <strong>Grafitti e Arte Urbano<\/strong>, ci siano trovati al pomeriggio per preparare lo spazio e i materiali, e un po&#8217; alla volta iniziare ognuno con la nostra opera d&#8217;arte. Proprio cos\u00ec mi sono ritrovata a parlare con tante persone diverse e da tutto <strong>mondo <\/strong>(Hong Kong, Brisbane, e molti altri!), ed \u00e8 forse proprio questa la cosa pi\u00f9 bella ed ispiratrice quando realizzi un Live Art! <\/p>\n\n\n\n<p class=\"has-text-align-center\">Ero immersa nel processo creativo quando tra queste persone, si sono avvicinati anche dei bambini, e pensandoci, se fossi stata al loro posto, sarebbe stato incredibile poter mettermi a dipingere anch&#8217;io, insomma se stai curiosando e ti piace e vuoi giocare&#8230; la prima cosa che farebbe un bambino \u00e8 sporcarsi le mani! Cos\u00ec, mi sono ricordata che avevo con me un <strong>libro d&#8217;artista<\/strong> che era perfetto per l&#8217;occasione ed ho pensato che sarebbe stato divertente <strong>condividerlo<\/strong>.<\/p>\n\n\n\n<p class=\"has-text-align-center\">La cosa curiosa \u00e8 che l&#8217;opera di Rafael P\u00e9rez Estrada nasce proprio dal gioco e per questo \u00e8 <strong>creativa <\/strong>e <strong>fantastica<\/strong>, e forse proprio questa freschezza del processo creativo mi ha ispirato in qualche modo a mettermi io stessa in gioco e sedermi con i bambini a dipingere.<\/p>\n\n\n\n<h3 class=\"wp-block-heading has-text-align-center\">Risultato del dipinto in diretto della Noche en Blanco di Malaga 2025<\/h3>\n\n\n\n<p class=\"has-text-align-center\">A continuazione, ti presento la opera d&#8217;arte che ho creato per la <strong>Noche en Blanco<\/strong> originale Art SyamHope:<\/p>\n\n\n<div class=\"kb-row-layout-wrap kb-row-layout-id6729_2ffced-fc alignnone wp-block-kadence-rowlayout\"><div class=\"kt-row-column-wrap kt-has-3-columns kt-row-layout-center-exwide kt-tab-layout-inherit kt-mobile-layout-row kt-row-valign-top\">\n\n<div class=\"wp-block-kadence-column kadence-column6729_edea3f-d2\"><div class=\"kt-inside-inner-col\"><\/div><\/div>\n\n\n\n<div class=\"wp-block-kadence-column kadence-column6729_4ce25b-1b\"><div class=\"kt-inside-inner-col\">\n<figure class=\"wp-block-image size-large\"><img loading=\"lazy\" decoding=\"async\" width=\"1024\" height=\"1024\" src=\"https:\/\/www.syamhope.com\/wp-content\/uploads\/2025\/05\/noche-balnco-malaga-2025-rafael-perez-estrada-sofia-candeo-art-syamhope-1024x1024.webp\" alt=\"Opera d'arte disponibile per Eventi e Collettori D'Arte, grande formato, colori principali azzurro e giallo, di Art Syamhopr, Sofia Candeo creata durante la Live Art della Noche en Blanco de M\u00e1laga 2025\" class=\"wp-image-6733\" srcset=\"https:\/\/www.syamhope.com\/wp-content\/uploads\/2025\/05\/noche-balnco-malaga-2025-rafael-perez-estrada-sofia-candeo-art-syamhope-1024x1024.webp 1024w, https:\/\/www.syamhope.com\/wp-content\/uploads\/2025\/05\/noche-balnco-malaga-2025-rafael-perez-estrada-sofia-candeo-art-syamhope-300x300.webp 300w, https:\/\/www.syamhope.com\/wp-content\/uploads\/2025\/05\/noche-balnco-malaga-2025-rafael-perez-estrada-sofia-candeo-art-syamhope-150x150.webp 150w, https:\/\/www.syamhope.com\/wp-content\/uploads\/2025\/05\/noche-balnco-malaga-2025-rafael-perez-estrada-sofia-candeo-art-syamhope-768x768.webp 768w, https:\/\/www.syamhope.com\/wp-content\/uploads\/2025\/05\/noche-balnco-malaga-2025-rafael-perez-estrada-sofia-candeo-art-syamhope-1536x1536.webp 1536w, https:\/\/www.syamhope.com\/wp-content\/uploads\/2025\/05\/noche-balnco-malaga-2025-rafael-perez-estrada-sofia-candeo-art-syamhope-12x12.webp 12w, https:\/\/www.syamhope.com\/wp-content\/uploads\/2025\/05\/noche-balnco-malaga-2025-rafael-perez-estrada-sofia-candeo-art-syamhope-600x600.webp 600w, https:\/\/www.syamhope.com\/wp-content\/uploads\/2025\/05\/noche-balnco-malaga-2025-rafael-perez-estrada-sofia-candeo-art-syamhope-100x100.webp 100w, https:\/\/www.syamhope.com\/wp-content\/uploads\/2025\/05\/noche-balnco-malaga-2025-rafael-perez-estrada-sofia-candeo-art-syamhope.webp 2000w\" sizes=\"(max-width: 1024px) 100vw, 1024px\" \/><\/figure>\n<\/div><\/div>\n\n\n\n<div class=\"wp-block-kadence-column kadence-column6729_455fd2-fe\"><div class=\"kt-inside-inner-col\"><\/div><\/div>\n\n<\/div><\/div>\n\n\n<p class=\"has-text-align-center\">Come ti accennavo, quest&#8217;opera si ispira a <strong>Rafael P\u00e9rez Estrada<\/strong>, artista, poeta e promotore culturale malaghegno. Il mio desiderio era realizzare un ritratto che lo rappresentasse in tutte le sue sfaccettature artistiche. Lo stile che ho scelto vuole richiamare il processo creativo dell&#8217;autore, dove elementi diversi si incontrano. Tra il sogno e la magia, la creazione di Rafael P\u00e9rez Estrada costruisce nuovi immaginari sia attraverso l&#8217;uso della parola sia dell&#8217;immagine mediante la poesia visiva.<\/p>\n\n\n\n<p class=\"has-text-align-center\">In primo piano troviamo una piuma che si trasforma nel suo ritratto, un modo di rappresentare l&#8217;artista non solo nel suo aspetto fisico ma anche e soprattutto<strong> nella sua essenza<\/strong> pi\u00f9 profonda. Per lo sfondo, ho scelto invece una rappresentazione stilizzata delle sue opere d&#8217;arte, con una citazione dei ritratti femminili, dell&#8217;elemento delle stelle, spesso a sei punte, degli angeli e di una delle sue creazioni pi\u00f9 celebri: una colomba-mano. \u00c8 curioso che in Rafael P\u00e9rez Estrada troviamo moltissimi ritratti femminili, uniti da alcuni elementi che si ripetono, come per esempio il profilo laterale e cappelli di moda. E, se la tecnica pittorica no distingue specialmente Rafael P\u00e9rez Estrada, sicuramente \u00e8 notevole la creativit\u00e0 e la fantasia delle sue opere, visive e poetiche.<\/p>\n\n\n\n<p class=\"has-text-align-center\">L&#8217;opera \u00e8 disponibile su richiesta, 160&#215;160 cm (quadriptico) come decorazione per <strong>eventi culturali <\/strong>o come parte della tua <strong>collezione d&#8217;arte<\/strong>, ti lascio un formulario per prenotarla: <\/p>\n\n\n\n<div class=\"wp-block-advgb-contact-form advgb-contact-form\"><form method=\"POST\"><div class=\"advgb-form-field advgb-form-field-half\"><input type=\"text\" class=\"advgb-form-input advgb-form-input-name\" placeholder=\"Nome e Cognome\" name=\"contact_name\" style=\"border-color:#0693e3\"\/><\/div><div class=\"advgb-form-field advgb-form-field-half\"><input type=\"email\" class=\"advgb-form-input advgb-form-input-email\" placeholder=\"Email\" name=\"contact_email\" style=\"border-color:#0693e3\"\/><\/div><div class=\"advgb-form-field advgb-form-field-full\"><textarea class=\"advgb-form-input advgb-form-input-msg\" placeholder=\"Vuoi decorare un evento o ampliare la tua collezione d'arte?\" name=\"contact_message\" style=\"border-color:#0693e3\"><\/textarea><\/div><div class=\"advgb-grecaptcha clearfix position-center\"><\/div><input type=\"hidden\" name=\"advgb_blockform_nonce_field\" value=\"636cdbd8dc\"><div class=\"advgb-form-submit-wrapper\" style=\"text-align:center\"><button class=\"advgb-form-submit\" type=\"submit\" data-success=\"Grazie Mille! Ti rispondo appena possibile, intanto puoi seguirmi su Art SyamHope, a presto!\" style=\"border-color:#ffffff;color:#ffffff;background-color:#0693e3;border-radius:50px\">Invia<\/button><\/div><\/form><\/div>\n<style class=\"advgb-styles-renderer\">.kb-row-layout-id6729_f09d35-51 > .kt-row-column-wrap{align-content:center;}:where(.kb-row-layout-id6729_f09d35-51 > .kt-row-column-wrap) > .wp-block-kadence-column{justify-content:center;}.kb-row-layout-id6729_f09d35-51 > .kt-row-column-wrap{column-gap:var(--global-kb-gap-md, 2rem);row-gap:var(--global-kb-gap-md, 2rem);grid-template-columns:minmax(0, 1fr) minmax(0, 2fr);}.kb-row-layout-id6729_f09d35-51 > .kt-row-layout-overlay{opacity:0.30;}@media all and (max-width: 1024px){.kb-row-layout-id6729_f09d35-51 > .kt-row-column-wrap{grid-template-columns:repeat(2, minmax(0, 1fr));}}@media all and (max-width: 767px){.kb-row-layout-id6729_f09d35-51 > .kt-row-column-wrap{grid-template-columns:minmax(0, 1fr);}}.kadence-column6729_5e2a13-8d > .kt-inside-inner-col,.kadence-column6729_5e2a13-8d > .kt-inside-inner-col:before{border-top-left-radius:0px;border-top-right-radius:0px;border-bottom-right-radius:0px;border-bottom-left-radius:0px;}.kadence-column6729_5e2a13-8d > .kt-inside-inner-col{column-gap:var(--global-kb-gap-sm, 1rem);}.kadence-column6729_5e2a13-8d > .kt-inside-inner-col{flex-direction:column;}.kadence-column6729_5e2a13-8d > .kt-inside-inner-col > .aligncenter{width:100%;}.kadence-column6729_5e2a13-8d > .kt-inside-inner-col:before{opacity:0.3;}.kadence-column6729_5e2a13-8d{position:relative;}@media all and (max-width: 1024px){.kadence-column6729_5e2a13-8d > .kt-inside-inner-col{flex-direction:column;}}@media all and (max-width: 767px){.kadence-column6729_5e2a13-8d > .kt-inside-inner-col{flex-direction:column;}}.kadence-column6729_ae728c-76 > .kt-inside-inner-col,.kadence-column6729_ae728c-76 > .kt-inside-inner-col:before{border-top-left-radius:0px;border-top-right-radius:0px;border-bottom-right-radius:0px;border-bottom-left-radius:0px;}.kadence-column6729_ae728c-76 > .kt-inside-inner-col{column-gap:var(--global-kb-gap-sm, 1rem);}.kadence-column6729_ae728c-76 > .kt-inside-inner-col{flex-direction:column;}.kadence-column6729_ae728c-76 > .kt-inside-inner-col > .aligncenter{width:100%;}.kadence-column6729_ae728c-76 > .kt-inside-inner-col:before{opacity:0.3;}.kadence-column6729_ae728c-76{position:relative;}@media all and (max-width: 1024px){.kadence-column6729_ae728c-76 > .kt-inside-inner-col{flex-direction:column;}}@media all and (max-width: 767px){.kadence-column6729_ae728c-76 > .kt-inside-inner-col{flex-direction:column;}}.kb-row-layout-id6729_2ffced-fc > .kt-row-column-wrap{align-content:start;}:where(.kb-row-layout-id6729_2ffced-fc > .kt-row-column-wrap) > .wp-block-kadence-column{justify-content:start;}.kb-row-layout-id6729_2ffced-fc > .kt-row-column-wrap{column-gap:var(--global-kb-gap-md, 2rem);row-gap:var(--global-kb-gap-md, 2rem);grid-template-columns:minmax(0, 1fr) minmax(0, 6fr) minmax(0, 1fr);}.kb-row-layout-id6729_2ffced-fc > .kt-row-layout-overlay{opacity:0.30;}@media all and (max-width: 1024px){.kb-row-layout-id6729_2ffced-fc > .kt-row-column-wrap{grid-template-columns:repeat(3, minmax(0, 1fr));}}@media all and (max-width: 767px){.kb-row-layout-id6729_2ffced-fc > .kt-row-column-wrap{grid-template-columns:minmax(0, 1fr);}}.kadence-column6729_edea3f-d2 > .kt-inside-inner-col,.kadence-column6729_edea3f-d2 > .kt-inside-inner-col:before{border-top-left-radius:0px;border-top-right-radius:0px;border-bottom-right-radius:0px;border-bottom-left-radius:0px;}.kadence-column6729_edea3f-d2 > .kt-inside-inner-col{column-gap:var(--global-kb-gap-sm, 1rem);}.kadence-column6729_edea3f-d2 > .kt-inside-inner-col{flex-direction:column;}.kadence-column6729_edea3f-d2 > .kt-inside-inner-col > .aligncenter{width:100%;}.kadence-column6729_edea3f-d2 > .kt-inside-inner-col:before{opacity:0.3;}.kadence-column6729_edea3f-d2{position:relative;}@media all and (max-width: 1024px){.kadence-column6729_edea3f-d2 > .kt-inside-inner-col{flex-direction:column;}}@media all and (max-width: 767px){.kadence-column6729_edea3f-d2 > .kt-inside-inner-col{flex-direction:column;}}.kadence-column6729_4ce25b-1b > .kt-inside-inner-col,.kadence-column6729_4ce25b-1b > .kt-inside-inner-col:before{border-top-left-radius:0px;border-top-right-radius:0px;border-bottom-right-radius:0px;border-bottom-left-radius:0px;}.kadence-column6729_4ce25b-1b > .kt-inside-inner-col{column-gap:var(--global-kb-gap-sm, 1rem);}.kadence-column6729_4ce25b-1b > .kt-inside-inner-col{flex-direction:column;}.kadence-column6729_4ce25b-1b > .kt-inside-inner-col > .aligncenter{width:100%;}.kadence-column6729_4ce25b-1b > .kt-inside-inner-col:before{opacity:0.3;}.kadence-column6729_4ce25b-1b{position:relative;}@media all and (max-width: 1024px){.kadence-column6729_4ce25b-1b > .kt-inside-inner-col{flex-direction:column;}}@media all and (max-width: 767px){.kadence-column6729_4ce25b-1b > .kt-inside-inner-col{flex-direction:column;}}.kadence-column6729_455fd2-fe > .kt-inside-inner-col,.kadence-column6729_455fd2-fe > .kt-inside-inner-col:before{border-top-left-radius:0px;border-top-right-radius:0px;border-bottom-right-radius:0px;border-bottom-left-radius:0px;}.kadence-column6729_455fd2-fe > .kt-inside-inner-col{column-gap:var(--global-kb-gap-sm, 1rem);}.kadence-column6729_455fd2-fe > .kt-inside-inner-col{flex-direction:column;}.kadence-column6729_455fd2-fe > .kt-inside-inner-col > .aligncenter{width:100%;}.kadence-column6729_455fd2-fe > .kt-inside-inner-col:before{opacity:0.3;}.kadence-column6729_455fd2-fe{position:relative;}@media all and (max-width: 1024px){.kadence-column6729_455fd2-fe > .kt-inside-inner-col{flex-direction:column;}}@media all and (max-width: 767px){.kadence-column6729_455fd2-fe > .kt-inside-inner-col{flex-direction:column;}}<\/style>","protected":false},"excerpt":{"rendered":"<p>Sabato 10 Maggio 2025 \u00e8 stata una grandissima giornata per l&#8217;arte e la cultura di Malaga e proprio qui inizia [&hellip;]<\/p>\n","protected":false},"author":1,"featured_media":6731,"comment_status":"open","ping_status":"open","sticky":false,"template":"","format":"gallery","meta":{"_acf_changed":false,"advgb_blocks_editor_width":"","advgb_blocks_columns_visual_guide":"","site-sidebar-layout":"default","site-content-layout":"","ast-site-content-layout":"","site-content-style":"default","site-sidebar-style":"default","ast-global-header-display":"","ast-banner-title-visibility":"","ast-main-header-display":"","ast-hfb-above-header-display":"","ast-hfb-below-header-display":"","ast-hfb-mobile-header-display":"","site-post-title":"","ast-breadcrumbs-content":"","ast-featured-img":"","footer-sml-layout":"","theme-transparent-header-meta":"","adv-header-id-meta":"","stick-header-meta":"","header-above-stick-meta":"","header-main-stick-meta":"","header-below-stick-meta":"","astra-migrate-meta-layouts":"default","ast-page-background-enabled":"default","ast-page-background-meta":{"desktop":{"background-color":"var(--ast-global-color-4)","background-image":"","background-repeat":"repeat","background-position":"center center","background-size":"auto","background-attachment":"scroll","background-type":"","background-media":"","overlay-type":"","overlay-color":"","overlay-gradient":""},"tablet":{"background-color":"","background-image":"","background-repeat":"repeat","background-position":"center center","background-size":"auto","background-attachment":"scroll","background-type":"","background-media":"","overlay-type":"","overlay-color":"","overlay-gradient":""},"mobile":{"background-color":"","background-image":"","background-repeat":"repeat","background-position":"center center","background-size":"auto","background-attachment":"scroll","background-type":"","background-media":"","overlay-type":"","overlay-color":"","overlay-gradient":""}},"ast-content-background-meta":{"desktop":{"background-color":"var(--ast-global-color-5)","background-image":"","background-repeat":"repeat","background-position":"center center","background-size":"auto","background-attachment":"scroll","background-type":"","background-media":"","overlay-type":"","overlay-color":"","overlay-gradient":""},"tablet":{"background-color":"var(--ast-global-color-5)","background-image":"","background-repeat":"repeat","background-position":"center center","background-size":"auto","background-attachment":"scroll","background-type":"","background-media":"","overlay-type":"","overlay-color":"","overlay-gradient":""},"mobile":{"background-color":"var(--ast-global-color-5)","background-image":"","background-repeat":"repeat","background-position":"center center","background-size":"auto","background-attachment":"scroll","background-type":"","background-media":"","overlay-type":"","overlay-color":"","overlay-gradient":""}},"footnotes":""},"categories":[183],"tags":[839,431,836,813,837,786],"acf":[],"author_meta":{"display_name":"Sofia Cande","author_link":"https:\/\/www.syamhope.com\/it\/author\/ix_admin\/"},"featured_img":"https:\/\/www.syamhope.com\/wp-content\/uploads\/2025\/05\/noche-balnco-malaga-2025-rafael-perez-estrada-sofia-candeo-art-syamhope-social-art-300x169.webp","featured_image_urls":{"full":["https:\/\/www.syamhope.com\/wp-content\/uploads\/2025\/05\/noche-balnco-malaga-2025-rafael-perez-estrada-sofia-candeo-art-syamhope-social-art-scaled.webp",2560,1440,false],"thumbnail":["https:\/\/www.syamhope.com\/wp-content\/uploads\/2025\/05\/noche-balnco-malaga-2025-rafael-perez-estrada-sofia-candeo-art-syamhope-social-art-150x150.webp",150,150,true],"medium":["https:\/\/www.syamhope.com\/wp-content\/uploads\/2025\/05\/noche-balnco-malaga-2025-rafael-perez-estrada-sofia-candeo-art-syamhope-social-art-300x169.webp",300,169,true],"medium_large":["https:\/\/www.syamhope.com\/wp-content\/uploads\/2025\/05\/noche-balnco-malaga-2025-rafael-perez-estrada-sofia-candeo-art-syamhope-social-art-768x432.webp",768,432,true],"large":["https:\/\/www.syamhope.com\/wp-content\/uploads\/2025\/05\/noche-balnco-malaga-2025-rafael-perez-estrada-sofia-candeo-art-syamhope-social-art-1024x576.webp",1024,576,true],"1536x1536":["https:\/\/www.syamhope.com\/wp-content\/uploads\/2025\/05\/noche-balnco-malaga-2025-rafael-perez-estrada-sofia-candeo-art-syamhope-social-art-1536x864.webp",1536,864,true],"2048x2048":["https:\/\/www.syamhope.com\/wp-content\/uploads\/2025\/05\/noche-balnco-malaga-2025-rafael-perez-estrada-sofia-candeo-art-syamhope-social-art-2048x1152.webp",2048,1152,true],"trp-custom-language-flag":["https:\/\/www.syamhope.com\/wp-content\/uploads\/2025\/05\/noche-balnco-malaga-2025-rafael-perez-estrada-sofia-candeo-art-syamhope-social-art-18x10.webp",18,10,true],"ab-block-post-grid-landscape":["https:\/\/www.syamhope.com\/wp-content\/uploads\/2025\/05\/noche-balnco-malaga-2025-rafael-perez-estrada-sofia-candeo-art-syamhope-social-art-600x400.webp",600,400,true],"ab-block-post-grid-square":["https:\/\/www.syamhope.com\/wp-content\/uploads\/2025\/05\/noche-balnco-malaga-2025-rafael-perez-estrada-sofia-candeo-art-syamhope-social-art-600x600.webp",600,600,true],"woocommerce_thumbnail":["https:\/\/www.syamhope.com\/wp-content\/uploads\/2025\/05\/noche-balnco-malaga-2025-rafael-perez-estrada-sofia-candeo-art-syamhope-social-art-300x300.webp",300,300,true],"woocommerce_single":["https:\/\/www.syamhope.com\/wp-content\/uploads\/2025\/05\/noche-balnco-malaga-2025-rafael-perez-estrada-sofia-candeo-art-syamhope-social-art-600x338.webp",600,338,true],"woocommerce_gallery_thumbnail":["https:\/\/www.syamhope.com\/wp-content\/uploads\/2025\/05\/noche-balnco-malaga-2025-rafael-perez-estrada-sofia-candeo-art-syamhope-social-art-100x100.webp",100,100,true]},"post_excerpt_stackable":"<p>Sabato 10 Maggio 2025 \u00e8 stata una grandissima giornata per l&#8217;arte e la cultura di Malaga e proprio qui inizia l&#8217;avventura del Live Art! Intanto preparati a tornare bambino! LA NOCHE EN BLANCO MALAGA 2025 Cos&#8217;\u00e8 la famosa Notte in Bianco o Notte Bianca? Si tratta di un evento che riunisce moltissimi promotori dell&#8217;arte e della cultura con artisti, poeti, cantanti, e diverse attivit\u00e0 aperte al pubblico, arte urbano e concerti durante tutta una giornata per concludersi con un exploit la notte stessa. Hai presente quando dici che &#8220;passi una notte in bianco&#8221;? Ecco il concetto nasce proprio da quell&#8217;idea,&hellip;<\/p>\n","category_list":"<a href=\"https:\/\/www.syamhope.com\/it\/blog\/blog-cre-attivo\/\" rel=\"category tag\">Blog cre-ATTIVO<\/a>","author_info":{"display_name":"Sofia Cande","author_link":"https:\/\/www.syamhope.com\/it\/author\/ix_admin\/"},"comments_num":"0 commenti","featured_image_urls_v2":{"full":["https:\/\/www.syamhope.com\/wp-content\/uploads\/2025\/05\/noche-balnco-malaga-2025-rafael-perez-estrada-sofia-candeo-art-syamhope-social-art-scaled.webp",2560,1440,false],"thumbnail":["https:\/\/www.syamhope.com\/wp-content\/uploads\/2025\/05\/noche-balnco-malaga-2025-rafael-perez-estrada-sofia-candeo-art-syamhope-social-art-150x150.webp",150,150,true],"medium":["https:\/\/www.syamhope.com\/wp-content\/uploads\/2025\/05\/noche-balnco-malaga-2025-rafael-perez-estrada-sofia-candeo-art-syamhope-social-art-300x169.webp",300,169,true],"medium_large":["https:\/\/www.syamhope.com\/wp-content\/uploads\/2025\/05\/noche-balnco-malaga-2025-rafael-perez-estrada-sofia-candeo-art-syamhope-social-art-768x432.webp",768,432,true],"large":["https:\/\/www.syamhope.com\/wp-content\/uploads\/2025\/05\/noche-balnco-malaga-2025-rafael-perez-estrada-sofia-candeo-art-syamhope-social-art-1024x576.webp",1024,576,true],"1536x1536":["https:\/\/www.syamhope.com\/wp-content\/uploads\/2025\/05\/noche-balnco-malaga-2025-rafael-perez-estrada-sofia-candeo-art-syamhope-social-art-1536x864.webp",1536,864,true],"2048x2048":["https:\/\/www.syamhope.com\/wp-content\/uploads\/2025\/05\/noche-balnco-malaga-2025-rafael-perez-estrada-sofia-candeo-art-syamhope-social-art-2048x1152.webp",2048,1152,true],"trp-custom-language-flag":["https:\/\/www.syamhope.com\/wp-content\/uploads\/2025\/05\/noche-balnco-malaga-2025-rafael-perez-estrada-sofia-candeo-art-syamhope-social-art-18x10.webp",18,10,true],"ab-block-post-grid-landscape":["https:\/\/www.syamhope.com\/wp-content\/uploads\/2025\/05\/noche-balnco-malaga-2025-rafael-perez-estrada-sofia-candeo-art-syamhope-social-art-600x400.webp",600,400,true],"ab-block-post-grid-square":["https:\/\/www.syamhope.com\/wp-content\/uploads\/2025\/05\/noche-balnco-malaga-2025-rafael-perez-estrada-sofia-candeo-art-syamhope-social-art-600x600.webp",600,600,true],"woocommerce_thumbnail":["https:\/\/www.syamhope.com\/wp-content\/uploads\/2025\/05\/noche-balnco-malaga-2025-rafael-perez-estrada-sofia-candeo-art-syamhope-social-art-300x300.webp",300,300,true],"woocommerce_single":["https:\/\/www.syamhope.com\/wp-content\/uploads\/2025\/05\/noche-balnco-malaga-2025-rafael-perez-estrada-sofia-candeo-art-syamhope-social-art-600x338.webp",600,338,true],"woocommerce_gallery_thumbnail":["https:\/\/www.syamhope.com\/wp-content\/uploads\/2025\/05\/noche-balnco-malaga-2025-rafael-perez-estrada-sofia-candeo-art-syamhope-social-art-100x100.webp",100,100,true]},"post_excerpt_stackable_v2":"<p>Sabato 10 Maggio 2025 \u00e8 stata una grandissima giornata per l&#8217;arte e la cultura di Malaga e proprio qui inizia l&#8217;avventura del Live Art! Intanto preparati a tornare bambino! LA NOCHE EN BLANCO MALAGA 2025 Cos&#8217;\u00e8 la famosa Notte in Bianco o Notte Bianca? Si tratta di un evento che riunisce moltissimi promotori dell&#8217;arte e della cultura con artisti, poeti, cantanti, e diverse attivit\u00e0 aperte al pubblico, arte urbano e concerti durante tutta una giornata per concludersi con un exploit la notte stessa. Hai presente quando dici che &#8220;passi una notte in bianco&#8221;? Ecco il concetto nasce proprio da quell&#8217;idea,&hellip;<\/p>\n","category_list_v2":"<a href=\"https:\/\/www.syamhope.com\/it\/blog\/blog-cre-attivo\/\" rel=\"category tag\">Blog cre-ATTIVO<\/a>","author_info_v2":{"name":"Sofia Cande","url":"https:\/\/www.syamhope.com\/it\/author\/ix_admin\/"},"comments_num_v2":"0 commenti","coauthors":[],"tax_additional":{"categories":{"linked":["<a href=\"https:\/\/www.syamhope.com\/it\/blog\/blog-cre-attivo\/\" class=\"advgb-post-tax-term\">Blog cre-ATTIVO<\/a>"],"unlinked":["<span class=\"advgb-post-tax-term\">Blog cre-ATTIVO<\/span>"]},"tags":{"linked":["<a href=\"https:\/\/www.syamhope.com\/it\/blog\/blog-cre-attivo\/\" class=\"advgb-post-tax-term\">Arte per Eventi<\/a>","<a href=\"https:\/\/www.syamhope.com\/it\/blog\/blog-cre-attivo\/\" class=\"advgb-post-tax-term\">arte sociale<\/a>","<a href=\"https:\/\/www.syamhope.com\/it\/blog\/blog-cre-attivo\/\" class=\"advgb-post-tax-term\">Arte Urbano<\/a>","<a href=\"https:\/\/www.syamhope.com\/it\/blog\/blog-cre-attivo\/\" class=\"advgb-post-tax-term\">artivismo<\/a>","<a href=\"https:\/\/www.syamhope.com\/it\/blog\/blog-cre-attivo\/\" class=\"advgb-post-tax-term\">Grafitti<\/a>","<a href=\"https:\/\/www.syamhope.com\/it\/blog\/blog-cre-attivo\/\" class=\"advgb-post-tax-term\">live art<\/a>"],"unlinked":["<span class=\"advgb-post-tax-term\">Arte per Eventi<\/span>","<span class=\"advgb-post-tax-term\">arte sociale<\/span>","<span class=\"advgb-post-tax-term\">Arte Urbano<\/span>","<span class=\"advgb-post-tax-term\">artivismo<\/span>","<span class=\"advgb-post-tax-term\">Grafitti<\/span>","<span class=\"advgb-post-tax-term\">live art<\/span>"]}},"comment_count":"0","relative_dates":{"created":"Pubblicato 12 mesi fa","modified":"Aggiornato 12 mesi fa"},"absolute_dates":{"created":"Pubblicato il 12 Maggio 2025","modified":"Aggiornato il 12 Maggio 2025"},"absolute_dates_time":{"created":"Pubblicato il 12 Maggio 2025 17:49","modified":"Aggiornato il 12 Maggio 2025 19:52"},"featured_img_caption":"","series_order":"","featured_image_src":"https:\/\/www.syamhope.com\/wp-content\/uploads\/2025\/05\/noche-balnco-malaga-2025-rafael-perez-estrada-sofia-candeo-art-syamhope-social-art-600x400.webp","featured_image_src_square":"https:\/\/www.syamhope.com\/wp-content\/uploads\/2025\/05\/noche-balnco-malaga-2025-rafael-perez-estrada-sofia-candeo-art-syamhope-social-art-600x600.webp","_links":{"self":[{"href":"https:\/\/www.syamhope.com\/it\/wp-json\/wp\/v2\/posts\/6729"}],"collection":[{"href":"https:\/\/www.syamhope.com\/it\/wp-json\/wp\/v2\/posts"}],"about":[{"href":"https:\/\/www.syamhope.com\/it\/wp-json\/wp\/v2\/types\/post"}],"author":[{"embeddable":true,"href":"https:\/\/www.syamhope.com\/it\/wp-json\/wp\/v2\/users\/1"}],"replies":[{"embeddable":true,"href":"https:\/\/www.syamhope.com\/it\/wp-json\/wp\/v2\/comments?post=6729"}],"version-history":[{"count":25,"href":"https:\/\/www.syamhope.com\/it\/wp-json\/wp\/v2\/posts\/6729\/revisions"}],"predecessor-version":[{"id":6769,"href":"https:\/\/www.syamhope.com\/it\/wp-json\/wp\/v2\/posts\/6729\/revisions\/6769"}],"wp:featuredmedia":[{"embeddable":true,"href":"https:\/\/www.syamhope.com\/it\/wp-json\/wp\/v2\/media\/6731"}],"wp:attachment":[{"href":"https:\/\/www.syamhope.com\/it\/wp-json\/wp\/v2\/media?parent=6729"}],"wp:term":[{"taxonomy":"category","embeddable":true,"href":"https:\/\/www.syamhope.com\/it\/wp-json\/wp\/v2\/categories?post=6729"},{"taxonomy":"post_tag","embeddable":true,"href":"https:\/\/www.syamhope.com\/it\/wp-json\/wp\/v2\/tags?post=6729"}],"curies":[{"name":"wp","href":"https:\/\/api.w.org\/{rel}","templated":true}]}}